{"id":121,"__str__":"INDICA\u00c7\u00c3O n\u00ba 36 de 2021","link_detail_backend":"/materia/121","metadata":{},"numero":36,"ano":2021,"numero_protocolo":60,"data_apresentacao":"2021-06-18","tipo_apresentacao":"E","data_publicacao":null,"numero_origem_externa":"","ano_origem_externa":null,"data_origem_externa":null,"apelido":"","dias_prazo":null,"data_fim_prazo":null,"em_tramitacao":false,"polemica":false,"objeto":"","complementar":false,"ementa":"Indica ao Poder Executivo Municipal a urgente necessidade de recapeamento da malha asf\u00e1ltica da estrada municipal que d\u00e1 acesso ao Latic\u00ednio Santiago (Szura).","indexacao":"Ilmo. Senhor\r\nJOSEMAR ANT\u00d4NIO CEMIN\r\nPresidente do Poder Legislativo\r\nSaudade do Igua\u00e7u \u2013 Paran\u00e1\r\n\r\nOs Vereadores, VALDIR BAGESTON DE RAMOS e LUIS FERNANDO VEDANA, que a presente subscrevem, no uso de suas prerrogativas legais e regimentais, apresentam para delibera\u00e7\u00e3o do Plen\u00e1rio a seguinte Indica\u00e7\u00e3o:\r\n\r\nINDICA\u00c7\u00c3O N\u00ba 036/2021, de 18 de junho de 2021.\r\n\r\n\u201cIndica ao Poder Executivo Municipal a urgente necessidade de recapeamento da malha asf\u00e1ltica da estrada municipal que d\u00e1 acesso ao Latic\u00ednio Santiago (Szura).\u201d\r\n\r\n\tSENHOR PRESIDENTE,\r\n\t\t\t\tIndicamos ao Excelent\u00edssimo Senhor Prefeito Municipal, Darlei Trento, que o Munic\u00edpio, atrav\u00e9s de seu departamento respons\u00e1vel, realize um estudo para viabilizar a recapagem asf\u00e1ltica ou a manuten\u00e7\u00e3o da estrada municipal que d\u00e1 acesso ao Latic\u00ednio Santiago (Szura), como forma de garantir o tr\u00e2nsito seguro dos ve\u00edculos e o escoamento funcional dos produtos industriais.\r\n\r\n\tJUSTIFICATIVA:-\r\n\t\t\t\tA presente proposi\u00e7\u00e3o tem por finalidade atender as reivindica\u00e7\u00f5es dos mun\u00edcipes residentes na \u00e1rea em quest\u00e3o. \u00c9 de extrema urg\u00eancia a manuten\u00e7\u00e3o asf\u00e1ltica dessas estradas, visto que a referida via se encontra em uma situa\u00e7\u00e3o degradante, com muitos buracos ocasionados pela a\u00e7\u00e3o do tempo e desn\u00edveis provocados pelo deslocamento do solo. \r\n\t\t\t\tDesta maneira, o bom e correto tr\u00e1fego de ve\u00edculos fica prejudicado, colocando em risco os motoristas e pedestres que se utilizam da rua, al\u00e9m de trazer dificuldades \u00e0s ind\u00fastrias municipais, que relatam dificuldade no escoamento de seus produtos pela utiliza\u00e7\u00e3o de ve\u00edculo de grande porte. \r\n\t\t\t\tSabe-se que \u00e9 de direito da popula\u00e7\u00e3o poder contar com a correta infraestrutura municipal e certo de que esta indica\u00e7\u00e3o \u00e9 de interesse do Munic\u00edpio, solicitamos ao Poder Executivo que fa\u00e7a um estudo t\u00e9cnico e execute a manuten\u00e7\u00e3o da via o mais breve poss\u00edvel\r\n\t\t\t\tSala das Sess\u00f5es da C\u00e2mara Municipal de Saudade do Igua\u00e7u, Estado do Paran\u00e1, (Plen\u00e1rio \u201cVereador \u00c2ngelo Zanesco\u201d), em 18 de junho de 2021.\r\n\r\n\r\n        LUIS FERNANDO VEDANA                                      VALDIR BAGESTON DE RAMOS\r\n                Vereador \u2013 PDT                                                        Vereador - PDT","observacao":"","resultado":"","texto_original":"http://sapl.saudadedoiguacu.pr.leg.br/media/sapl/public/materialegislativa/2021/121/indicacao_3621.pdf","data_ultima_atualizacao":"2021-08-05T08:46:18.538666-03:00","ip":"45.71.100.51","ultima_edicao":"2021-08-05T08:46:18.321488-03:00","tipo":3,"regime_tramitacao":1,"tipo_origem_externa":null,"local_origem_externa":null,"user":3,"anexadas":[],"autores":[7,9]}