{"id":52,"__str__":"REQUERIMENTO n\u00ba 27 de 2021","link_detail_backend":"/materia/52","metadata":{},"numero":27,"ano":2021,"numero_protocolo":null,"data_apresentacao":"2021-04-07","tipo_apresentacao":"E","data_publicacao":null,"numero_origem_externa":"","ano_origem_externa":null,"data_origem_externa":null,"apelido":"","dias_prazo":8,"data_fim_prazo":null,"em_tramitacao":false,"polemica":false,"objeto":"","complementar":false,"ementa":"\u201cRequer a substitui\u00e7\u00e3o de caixa de \u00e1gua\u201d.","indexacao":"EXCELENT\u00cdSSIMO SENHOR\r\nJOSEMAR ANT\u00d4NIO CEMIN\r\nPRESIDENTE DO PODER LEGISLATIVO\r\nSAUDADE DO IGUA\u00c7U \u2013 PARAN\u00c1 \r\n\r\nREQUERIMENTO N\u00ba 27/2021, de 07 de abril de 2021.\r\n\r\nS\u00famula: \u201cRequer a substitui\u00e7\u00e3o de caixa de \u00e1gua\u201d.  \r\n\r\nO Vereador LUIS FERNANDO VEDANA E VALDIR BAGESTON DE RAMOS que o presente subscrevem no uso de suas prerrogativas legais e regimentais REQUER que ap\u00f3s a tramita\u00e7\u00e3o regimental, seja encaminhado ao Chefe do Poder Executivo Municipal, Senhor Darlei Trento o pedido abaixo descrito para que o mesmo tome as medidas necess\u00e1rias:\r\n\r\n\r\n\u2022\tSeja substitu\u00edda a caixa de \u00e1gua de concreto situada na comunidade de Vista Alegre por uma de fibra.\r\n\r\n Justificativa:\r\nTal solicita\u00e7\u00e3o vem do fato de que a caixa de \u00e1gua da comunidade de Vista Alegre, al\u00e9m de ser de concreto, assim prejudicial \u00e0 sa\u00fade, encontra-se bastante danificada pelo decurso do tempo, sendo imperioso assim a necessidade de substitui\u00e7\u00e3o por uma de fibra, seguindo assim as recomenda\u00e7\u00f5es sanit\u00e1rias, que recomendam que os reservat\u00f3rios de \u00e1gua sejam de fibra.\r\n\r\n \r\nNestes termos \r\nPede deferimento. \r\n\r\nSala das Sess\u00f5es da C\u00e2mara Municipal de Vereadores de Saudade do Igua\u00e7u, Estado do Paran\u00e1 (Plen\u00e1rio Vereador Angelo Zanesco) em 07 de abril de 2021.\r\n\r\n\r\n\r\n\r\n\r\nLUIS FERNANDO VEDANA                                       VALDIR BAGESTON DE RAMOS\r\n                 Vereador \u2013 PDT                                                             Vereador \u2013 PDT","observacao":"","resultado":"","texto_original":"http://sapl.saudadedoiguacu.pr.leg.br/media/sapl/public/materialegislativa/2021/52/requerimento_2721.pdf","data_ultima_atualizacao":"2021-05-10T16:20:33.586652-03:00","ip":"45.71.100.51","ultima_edicao":"2021-05-10T16:19:30.508591-03:00","tipo":2,"regime_tramitacao":1,"tipo_origem_externa":null,"local_origem_externa":null,"user":3,"anexadas":[],"autores":[7,9]}