{"id":91,"__str__":"INDICA\u00c7\u00c3O n\u00ba 31 de 2021","link_detail_backend":"/materia/91","metadata":{},"numero":31,"ano":2021,"numero_protocolo":23,"data_apresentacao":"2021-05-21","tipo_apresentacao":"E","data_publicacao":null,"numero_origem_externa":"","ano_origem_externa":null,"data_origem_externa":null,"apelido":"","dias_prazo":null,"data_fim_prazo":null,"em_tramitacao":false,"polemica":false,"objeto":"","complementar":false,"ementa":"Indicam a instala\u00e7\u00e3o de abrigos nos pontos de \u00f4nibus.","indexacao":"Exmo. Sr.\r\nJOSEMAR ANT\u00d4NIO CEMIN\r\nPresidente do Poder Legislativo\r\nSaudade do Igua\u00e7u \u2013 Paran\u00e1\r\n\r\n\r\n\r\nOs Auri Bitencourt da Silva; Celso Giacomini; Felipe Forgiarini; Henrique dos Santos; Josemar Ant\u00f4nio Cemin; Jos\u00e9 Carlos de Assis e Setembrino Nath que a presente subscrevem no uso de suas atribui\u00e7\u00f5es Legais e Regimentais apresentam para delibera\u00e7\u00e3o do Plen\u00e1rio a seguinte Indica\u00e7\u00e3o:\r\n\r\n\r\n\r\nINDICA\u00c7\u00c3O N\u00ba 32/2021 de 21 de maio de 2021.\r\n\r\n\r\nS\u00famula: \u201cIndicam a instala\u00e7\u00e3o de abrigos nos pontos de \u00f4nibus\u201d.\r\n\r\n\r\n\t\r\nSENHOR PRESIDENTE:\r\n\t\t\t\tIndicamos ao Excelent\u00edssimo senhor Prefeito Municipal, Darlei Trento, que o Munic\u00edpio atrav\u00e9s do departamento respons\u00e1vel efetue a constru\u00e7\u00e3o de abrigos conforme projeto arquitet\u00f4nico desenvolvido pelo Departamento de Engenharia do Munic\u00edpio nos Pontos de \u00f4nibus na Avenida Igua\u00e7u localizados nos seguintes locais: em frente a resid\u00eancia do senhor Alfonso Marangon, em frente a Igreja Matriz, em frente ao Supermercado Marangon, em frente a resid\u00eancia do senhor Expedito Buffon, aos fundos do Destacamento da Pol\u00edcia Militar e nas proximidades do Parque industrial. Indicamos ainda a constru\u00e7\u00e3o de dois abrigos na comunidade de Linha Urutu, dois no bairro Nova Vida, dois no bairro Harmonia e um abrigo no bairro Colina. \r\n\r\nJUSTIFICATIVA:-\r\n\t\t\t\tQuem usa o transporte p\u00fablico diariamente sabe da import\u00e2ncia dos abrigos das paradas de \u00f4nibus - seja para se proteger da chuva ou do sol. \u00c9 not\u00f3rio que a instala\u00e7\u00e3o de um abrigo que possa dar um maior conforto aos usu\u00e1rios e que possua uma est\u00e9tica agrad\u00e1vel, demonstra o qu\u00e3o preocupado com o desenvolvimento est\u00e1 o Munic\u00edpio. Muitos s\u00e3o os usu\u00e1rios que utilizam o local para embarque e desembarque sendo esta sugest\u00e3o \u00e9 uma frequente reivindica\u00e7\u00e3o dos usu\u00e1rios do transporte para a COASUL e ATLAS que atualmente n\u00e3o possuem um local apropriado para embarque e desembarque. Isto \u00e9 de extrema import\u00e2ncia uma vez que tais abrigos servir\u00e3o para atender toda a popula\u00e7\u00e3o em especial os usu\u00e1rios do transporte escolar que em muitos casos ficam a merc\u00ea das intemp\u00e9ries clim\u00e1ticas. Atendendo esta indica\u00e7\u00e3o o munic\u00edpio proporcionar\u00e1 aos usu\u00e1rios melhores condi\u00e7\u00f5es, conforto e seguran\u00e7a.\t\t\t\t\r\n\t\t\t\t\r\nSala das Sess\u00f5es da C\u00e2mara Municipal de Saudade do Igua\u00e7u, Estado do Paran\u00e1, (Plen\u00e1rio \u201cVereador \u00c2ngelo Zanesco\u201d), em 21 de maio de 2021.","observacao":"","resultado":"","texto_original":"http://sapl.saudadedoiguacu.pr.leg.br/media/sapl/public/materialegislativa/2021/91/indicacao_3121.pdf","data_ultima_atualizacao":"2021-06-08T15:14:48.274847-03:00","ip":"45.71.100.51","ultima_edicao":"2021-06-08T15:14:48.063808-03:00","tipo":3,"regime_tramitacao":1,"tipo_origem_externa":null,"local_origem_externa":null,"user":3,"anexadas":[],"autores":[1,2,3,4,5,6,8]}