{"id":1852,"__str__":"PARECER n\u00ba 31 de 2023 | Proposi\u00e7\u00e3o apresentada em Plen\u00e1rio | 25/09/2023","link_detail_backend":"/materia/tramitacao/1852","metadata":{},"timestamp":"2023-09-25T11:12:40.060885-03:00","data_tramitacao":"2023-09-25","data_encaminhamento":"2023-09-25","urgente":false,"turno":"","texto":"","data_fim_prazo":"2023-09-25","ip":"45.71.100.51","ultima_edicao":"2023-09-25T11:12:18.058515-03:00","status":11,"materia":730,"unidade_tramitacao_local":15,"unidade_tramitacao_destino":7,"user":3}